{"id":2446,"date":"2026-01-27T19:48:02","date_gmt":"2026-01-27T18:48:02","guid":{"rendered":"https:\/\/www.tksladkivrh.si\/?p=2446"},"modified":"2026-01-27T20:10:24","modified_gmt":"2026-01-27T19:10:24","slug":"tzs-slovenija-zakljucna-prireditev-za-2025","status":"publish","type":"post","link":"https:\/\/www.tksladkivrh.si\/?p=2446","title":{"rendered":"TZS Slovenija &#8211; Zaklju\u010dna prireditev za 2025"},"content":{"rendered":"\t\t<div data-elementor-type=\"wp-post\" data-elementor-id=\"2446\" class=\"elementor elementor-2446\">\n\t\t\t\t\t\t<section class=\"elementor-section elementor-top-section elementor-element elementor-element-29ba778 elementor-section-boxed elementor-section-height-default elementor-section-height-default\" data-id=\"29ba778\" data-element_type=\"section\" data-e-type=\"section\">\n\t\t\t\t\t\t<div class=\"elementor-container elementor-column-gap-default\">\n\t\t\t\t\t<div class=\"elementor-column elementor-col-100 elementor-top-column elementor-element elementor-element-2f566e2\" data-id=\"2f566e2\" data-element_type=\"column\" data-e-type=\"column\">\n\t\t\t<div class=\"elementor-widget-wrap elementor-element-populated\">\n\t\t\t\t\t\t<div class=\"elementor-element elementor-element-0d6e8dd elementor-widget elementor-widget-text-editor\" data-id=\"0d6e8dd\" data-element_type=\"widget\" data-e-type=\"widget\" data-widget_type=\"text-editor.default\">\n\t\t\t\t<div class=\"elementor-widget-container\">\n\t\t\t\t\t\t\t\t\t<h1 class=\"!my-5 !text-base font-bold\" style=\"text-align: center;\">TK Sladki Vrh je s strani Teni\u0161ke zveze Slovenije dobil priznanje za najbolj\u0161o ekipo v 2. mo\u0161ki \u010dlanski ligi.<\/h1>\t\t\t\t\t\t\t\t<\/div>\n\t\t\t\t<\/div>\n\t\t\t\t\t<\/div>\n\t\t<\/div>\n\t\t\t\t\t<\/div>\n\t\t<\/section>\n\t\t\t\t<section class=\"elementor-section elementor-top-section elementor-element elementor-element-292d2e5 elementor-section-boxed elementor-section-height-default elementor-section-height-default\" data-id=\"292d2e5\" data-element_type=\"section\" data-e-type=\"section\">\n\t\t\t\t\t\t<div class=\"elementor-container elementor-column-gap-default\">\n\t\t\t\t\t<div class=\"elementor-column elementor-col-100 elementor-top-column elementor-element elementor-element-ee7cd49\" data-id=\"ee7cd49\" data-element_type=\"column\" data-e-type=\"column\">\n\t\t\t<div class=\"elementor-widget-wrap elementor-element-populated\">\n\t\t\t\t\t\t<section class=\"elementor-section elementor-inner-section elementor-element elementor-element-e33708b elementor-section-boxed elementor-section-height-default elementor-section-height-default\" data-id=\"e33708b\" data-element_type=\"section\" data-e-type=\"section\">\n\t\t\t\t\t\t<div class=\"elementor-container elementor-column-gap-default\">\n\t\t\t\t\t<div class=\"elementor-column elementor-col-100 elementor-inner-column elementor-element elementor-element-3398e86\" data-id=\"3398e86\" data-element_type=\"column\" data-e-type=\"column\">\n\t\t\t<div class=\"elementor-widget-wrap elementor-element-populated\">\n\t\t\t\t\t\t<div class=\"elementor-element elementor-element-1a49387 elementor-widget elementor-widget-text-editor\" data-id=\"1a49387\" data-element_type=\"widget\" data-e-type=\"widget\" data-widget_type=\"text-editor.default\">\n\t\t\t\t<div class=\"elementor-widget-container\">\n\t\t\t\t\t\t\t\t\t<h2 style=\"text-align: center;\"><strong>Priznanje za TK Sladki Vrh je rezultat dela celotne ekipe in vseh podpornikov<\/strong><\/h2><p>Priznanje za <strong>najbolj\u0161o ekipo v 2. mo\u0161ki \u010dlanski ligi<\/strong> je letos prejel <strong>Teni\u0161ki klub Sladki Vrh<\/strong> iz ob\u010dine \u0160entilj. Ekipa se je v lanskem <em>play-offu<\/em> pomerila s TK Kamnik in si po napetih dvobojih zagotovila <strong>zgodovinski preboj v 1. slovensko ligo<\/strong>.<\/p><p>Predsednik kluba <strong>Igor Fri\u0161<\/strong> je ob tem poudaril pomen skupnega dela in podpore:<\/p><blockquote><p><em>\u201cTo izjemno priznanje je rezultat trdega dela, predanosti in ekipnega duha. Iskrena zahvala gre na\u0161im igralcem, celotni ekipi, vsem podpornikom na\u0161ega teni\u0161kega dru\u0161tva ter Ob\u010dini \u0160entilj, ki nam stoji ob strani in nas podpira pri uresni\u010devanju na\u0161ih ciljev \u2013 danes in v prihodnje. Hvala vsem, ki soustvarjate na\u0161o zgodbo uspeha.\u201d<\/em><\/p><\/blockquote>\t\t\t\t\t\t\t\t<\/div>\n\t\t\t\t<\/div>\n\t\t\t\t\t<\/div>\n\t\t<\/div>\n\t\t\t\t\t<\/div>\n\t\t<\/section>\n\t\t\t\t<section class=\"elementor-section elementor-inner-section elementor-element elementor-element-e0720b5 elementor-section-boxed elementor-section-height-default elementor-section-height-default\" data-id=\"e0720b5\" data-element_type=\"section\" data-e-type=\"section\">\n\t\t\t\t\t\t<div class=\"elementor-container elementor-column-gap-default\">\n\t\t\t\t\t<div class=\"elementor-column elementor-col-50 elementor-inner-column elementor-element elementor-element-b6fbc18\" data-id=\"b6fbc18\" data-element_type=\"column\" data-e-type=\"column\">\n\t\t\t<div class=\"elementor-widget-wrap elementor-element-populated\">\n\t\t\t\t\t\t<div class=\"elementor-element elementor-element-216233d elementor-widget elementor-widget-image\" data-id=\"216233d\" data-element_type=\"widget\" data-e-type=\"widget\" data-widget_type=\"image.default\">\n\t\t\t\t<div class=\"elementor-widget-container\">\n\t\t\t\t\t\t\t\t\t\t\t\t\t\t\t<img fetchpriority=\"high\" decoding=\"async\" width=\"300\" height=\"169\" src=\"https:\/\/www.tksladkivrh.si\/wp-content\/uploads\/2026\/01\/slika1-300x169.webp\" class=\"attachment-medium size-medium wp-image-2449\" alt=\"\" srcset=\"https:\/\/www.tksladkivrh.si\/wp-content\/uploads\/2026\/01\/slika1-300x169.webp 300w, https:\/\/www.tksladkivrh.si\/wp-content\/uploads\/2026\/01\/slika1-1024x576.webp 1024w, https:\/\/www.tksladkivrh.si\/wp-content\/uploads\/2026\/01\/slika1-768x432.webp 768w, https:\/\/www.tksladkivrh.si\/wp-content\/uploads\/2026\/01\/slika1-850x478.webp 850w, https:\/\/www.tksladkivrh.si\/wp-content\/uploads\/2026\/01\/slika1.webp 1152w\" sizes=\"(max-width: 300px) 100vw, 300px\" \/>\t\t\t\t\t\t\t\t\t\t\t\t\t\t\t<\/div>\n\t\t\t\t<\/div>\n\t\t\t\t\t<\/div>\n\t\t<\/div>\n\t\t\t\t<div class=\"elementor-column elementor-col-50 elementor-inner-column elementor-element elementor-element-c8ca95a\" data-id=\"c8ca95a\" data-element_type=\"column\" data-e-type=\"column\">\n\t\t\t<div class=\"elementor-widget-wrap elementor-element-populated\">\n\t\t\t\t\t\t<div class=\"elementor-element elementor-element-6c1ecf2 elementor-widget elementor-widget-image\" data-id=\"6c1ecf2\" data-element_type=\"widget\" data-e-type=\"widget\" data-widget_type=\"image.default\">\n\t\t\t\t<div class=\"elementor-widget-container\">\n\t\t\t\t\t\t\t\t\t\t\t\t\t\t\t<img decoding=\"async\" width=\"245\" height=\"300\" src=\"https:\/\/www.tksladkivrh.si\/wp-content\/uploads\/2026\/01\/slika2-245x300.webp\" class=\"attachment-medium size-medium wp-image-2448\" alt=\"\" srcset=\"https:\/\/www.tksladkivrh.si\/wp-content\/uploads\/2026\/01\/slika2-245x300.webp 245w, https:\/\/www.tksladkivrh.si\/wp-content\/uploads\/2026\/01\/slika2-835x1024.webp 835w, https:\/\/www.tksladkivrh.si\/wp-content\/uploads\/2026\/01\/slika2-768x942.webp 768w, https:\/\/www.tksladkivrh.si\/wp-content\/uploads\/2026\/01\/slika2-1253x1536.webp 1253w, https:\/\/www.tksladkivrh.si\/wp-content\/uploads\/2026\/01\/slika2-850x1042.webp 850w, https:\/\/www.tksladkivrh.si\/wp-content\/uploads\/2026\/01\/slika2.webp 1407w\" sizes=\"(max-width: 245px) 100vw, 245px\" \/>\t\t\t\t\t\t\t\t\t\t\t\t\t\t\t<\/div>\n\t\t\t\t<\/div>\n\t\t\t\t\t<\/div>\n\t\t<\/div>\n\t\t\t\t\t<\/div>\n\t\t<\/section>\n\t\t\t\t\t<\/div>\n\t\t<\/div>\n\t\t\t\t\t<\/div>\n\t\t<\/section>\n\t\t\t\t<section class=\"elementor-section elementor-top-section elementor-element elementor-element-214ee3b elementor-section-boxed elementor-section-height-default elementor-section-height-default\" data-id=\"214ee3b\" data-element_type=\"section\" data-e-type=\"section\">\n\t\t\t\t\t\t<div class=\"elementor-container elementor-column-gap-default\">\n\t\t\t\t\t<div class=\"elementor-column elementor-col-100 elementor-top-column elementor-element elementor-element-24eddf4\" data-id=\"24eddf4\" data-element_type=\"column\" data-e-type=\"column\">\n\t\t\t<div class=\"elementor-widget-wrap elementor-element-populated\">\n\t\t\t\t\t\t<section class=\"elementor-section elementor-inner-section elementor-element elementor-element-6bd1568 elementor-section-boxed elementor-section-height-default elementor-section-height-default\" data-id=\"6bd1568\" data-element_type=\"section\" data-e-type=\"section\">\n\t\t\t\t\t\t<div class=\"elementor-container elementor-column-gap-default\">\n\t\t\t\t\t<div class=\"elementor-column elementor-col-50 elementor-inner-column elementor-element elementor-element-8935108\" data-id=\"8935108\" data-element_type=\"column\" data-e-type=\"column\">\n\t\t\t<div class=\"elementor-widget-wrap elementor-element-populated\">\n\t\t\t\t\t\t<div class=\"elementor-element elementor-element-732ffba elementor-widget elementor-widget-text-editor\" data-id=\"732ffba\" data-element_type=\"widget\" data-e-type=\"widget\" data-widget_type=\"text-editor.default\">\n\t\t\t\t<div class=\"elementor-widget-container\">\n\t\t\t\t\t\t\t\t\t<h2 style=\"text-align: center;\">Veselimo se novih pridobitev v \u0161portnem parku<\/h2><p>V klubu z velikim zadovoljstvom spremljamo napredek v \u0161portnem parku v Sladkem Vrhu. Z Ob\u010dino \u0160entilj smo na\u0161li skupni jezik in trenutno \u017ee poteka gradnja spremljajo\u010dega objekta, v katerem bodo urejene garderobe ter klubski prostori za na\u0161e tenisa\u010de. \u010ce bo projekt potekal po na\u010drtih, bo zaklju\u010den do konca maja. Ob tem je predvidena tudi ureditev tretjega teni\u0161kega igri\u0161\u010da, ki predstavlja osnovni pogoj za nastopanje v prvi ligi.<\/p><p>Z \u017eupanom in ob\u010dinsko upravo smo opravili ve\u010d konstruktivnih sestankov. Prisluhnili so na\u0161im potrebam in izrazili podporo, za kar smo jim iskreno hvale\u017eni.<\/p><p>Priprave na novo sezono potekajo v zimskem \u010dasu v pokritem objektu v Radencih, kjer trenira \u010dlanska ekipa, kolikor je mogo\u010de pa tudi mlaj\u0161e selekcije. Tak\u0161na organizacija prina\u0161a dodatne stro\u0161ke in logisti\u010dne izzive, zato v klubu ra\u010dunamo na podporo sponzorjev. Leto\u0161nja sezona bo pomembna tudi z vidika ocene, kako finan\u010dno vzdr\u017een je tak\u0161en model delovanja za na\u0161 klub.<\/p>\t\t\t\t\t\t\t\t<\/div>\n\t\t\t\t<\/div>\n\t\t\t\t\t<\/div>\n\t\t<\/div>\n\t\t\t\t<div class=\"elementor-column elementor-col-50 elementor-inner-column elementor-element elementor-element-4f18fa0\" data-id=\"4f18fa0\" data-element_type=\"column\" data-e-type=\"column\">\n\t\t\t<div class=\"elementor-widget-wrap elementor-element-populated\">\n\t\t\t\t\t\t<div class=\"elementor-element elementor-element-f4f971a elementor-widget elementor-widget-text-editor\" data-id=\"f4f971a\" data-element_type=\"widget\" data-e-type=\"widget\" data-widget_type=\"text-editor.default\">\n\t\t\t\t<div class=\"elementor-widget-container\">\n\t\t\t\t\t\t\t\t\t<h2 style=\"text-align: center;\">Okrepitev ekipe\u00a0<\/h2><p>Jedro na\u0161e ekipe v prvi slovenski teni\u0161ki ligi bodo tudi v leto\u0161nji sezoni sestavljala prepoznavna imena: \u017dan Fri\u0161, Alen \u010cu\u0161, Tomislav Ternar in Maks Srt. Ekipo bomo dodatno okrepili, saj na\u010drtujemo \u0161e nekaj novih igralcev, katerih imen za zdaj \u0161e ne razkrivamo.<\/p><p>Ponosni smo na odli\u010dne odnose z lokalnimi klubi, predvsem z \u017dTK Maribor in Branikom Maribor. Sodelovanje z vodstvi obeh klubov je izjemno dobro, kar nam pomembno pomaga pri oblikovanju konkuren\u010dne ekipe.<\/p><p>Na\u0161a ambicija ostaja jasna: v prvi ligi \u017eelimo biti konkuren\u010dni, borbeni in prepoznavni po ekipnem duhu ter kakovostnem tenisu.<\/p>\t\t\t\t\t\t\t\t<\/div>\n\t\t\t\t<\/div>\n\t\t\t\t\t<\/div>\n\t\t<\/div>\n\t\t\t\t\t<\/div>\n\t\t<\/section>\n\t\t\t\t\t<\/div>\n\t\t<\/div>\n\t\t\t\t\t<\/div>\n\t\t<\/section>\n\t\t\t\t<\/div>\n\t\t","protected":false},"excerpt":{"rendered":"<p>TK Sladki Vrh je s strani Teni\u0161ke zveze Slovenije dobil priznanje za najbolj\u0161o ekipo v 2. mo\u0161ki \u010dlanski ligi. Priznanje za TK Sladki Vrh je rezultat dela celotne ekipe in vseh podpornikov Priznanje za najbolj\u0161o ekipo v 2. mo\u0161ki \u010dlanski ligi je letos prejel Teni\u0161ki klub Sladki Vrh iz ob\u010dine \u0160entilj. Ekipa se je v&hellip;<\/p>\n","protected":false},"author":1,"featured_media":2467,"comment_status":"closed","ping_status":"closed","sticky":false,"template":"","format":"standard","meta":{"footnotes":""},"categories":[5,1],"tags":[],"class_list":["post-2446","post","type-post","status-publish","format-standard","has-post-thumbnail","hentry","category-dogodki","category-tk-sladki-vrh"],"_links":{"self":[{"href":"https:\/\/www.tksladkivrh.si\/index.php?rest_route=\/wp\/v2\/posts\/2446","targetHints":{"allow":["GET"]}}],"collection":[{"href":"https:\/\/www.tksladkivrh.si\/index.php?rest_route=\/wp\/v2\/posts"}],"about":[{"href":"https:\/\/www.tksladkivrh.si\/index.php?rest_route=\/wp\/v2\/types\/post"}],"author":[{"embeddable":true,"href":"https:\/\/www.tksladkivrh.si\/index.php?rest_route=\/wp\/v2\/users\/1"}],"replies":[{"embeddable":true,"href":"https:\/\/www.tksladkivrh.si\/index.php?rest_route=%2Fwp%2Fv2%2Fcomments&post=2446"}],"version-history":[{"count":18,"href":"https:\/\/www.tksladkivrh.si\/index.php?rest_route=\/wp\/v2\/posts\/2446\/revisions"}],"predecessor-version":[{"id":2466,"href":"https:\/\/www.tksladkivrh.si\/index.php?rest_route=\/wp\/v2\/posts\/2446\/revisions\/2466"}],"wp:featuredmedia":[{"embeddable":true,"href":"https:\/\/www.tksladkivrh.si\/index.php?rest_route=\/wp\/v2\/media\/2467"}],"wp:attachment":[{"href":"https:\/\/www.tksladkivrh.si\/index.php?rest_route=%2Fwp%2Fv2%2Fmedia&parent=2446"}],"wp:term":[{"taxonomy":"category","embeddable":true,"href":"https:\/\/www.tksladkivrh.si\/index.php?rest_route=%2Fwp%2Fv2%2Fcategories&post=2446"},{"taxonomy":"post_tag","embeddable":true,"href":"https:\/\/www.tksladkivrh.si\/index.php?rest_route=%2Fwp%2Fv2%2Ftags&post=2446"}],"curies":[{"name":"wp","href":"https:\/\/api.w.org\/{rel}","templated":true}]}}