{"id":2530,"date":"2026-04-05T16:34:12","date_gmt":"2026-04-05T15:34:12","guid":{"rendered":"https:\/\/www.tksladkivrh.si\/?p=2530"},"modified":"2026-04-07T15:04:40","modified_gmt":"2026-04-07T14:04:40","slug":"in-memoriam-borut-kocbek-castni-predsednik-tk-sladki-vrh","status":"publish","type":"post","link":"https:\/\/www.tksladkivrh.si\/?p=2530","title":{"rendered":"\u201cIn memoriam: Borut Kocbek, \u010dastni predsednik TK Sladki Vrh\u201d"},"content":{"rendered":"\t\t<div data-elementor-type=\"wp-post\" data-elementor-id=\"2530\" class=\"elementor elementor-2530\">\n\t\t\t\t\t\t<section class=\"elementor-section elementor-top-section elementor-element elementor-element-4635b079 elementor-section-boxed elementor-section-height-default elementor-section-height-default\" data-id=\"4635b079\" data-element_type=\"section\" data-e-type=\"section\">\n\t\t\t\t\t\t<div class=\"elementor-container elementor-column-gap-default\">\n\t\t\t\t\t<div class=\"elementor-column elementor-col-100 elementor-top-column elementor-element elementor-element-25ce341a\" data-id=\"25ce341a\" data-element_type=\"column\" data-e-type=\"column\">\n\t\t\t<div class=\"elementor-widget-wrap elementor-element-populated\">\n\t\t\t\t\t\t<div class=\"elementor-element elementor-element-4a783dd7 elementor-widget elementor-widget-text-editor\" data-id=\"4a783dd7\" data-element_type=\"widget\" data-e-type=\"widget\" data-widget_type=\"text-editor.default\">\n\t\t\t\t<div class=\"elementor-widget-container\">\n\t\t\t\t\t\t\t\t\t<p><strong>Z \u017ealostjo sporo\u010damo, da nas je zapustil na\u0161 \u010dastni predsednik Borut Kocbek, dolgoletni \u010dlan in iskren prijatelj Teni\u0161kega kluba Sladki Vrh.<\/strong><\/p><p>Borut Kocbek je bil nepogre\u0161ljiv del na\u0161e skupnosti. S svojo predanostjo, delavnostjo in toplino je pustil globoko sled v razvoju kluba in v srcih vseh, ki smo ga imeli prilo\u017enost spoznati. Njegova vizija, spo\u0161tovanje do \u0161porta in iskrena skrb za ljudi so oblikovali temelje, na katerih klub stoji \u0161e danes.<\/p><p>V teh te\u017ekih trenutkih izrekamo iskreno so\u017ealje njegovi dru\u017eini, prijateljem in vsem, ki so ga cenili.<\/p>\t\t\t\t\t\t\t\t<\/div>\n\t\t\t\t<\/div>\n\t\t\t\t<div class=\"elementor-element elementor-element-80634cb elementor-widget elementor-widget-text-editor\" data-id=\"80634cb\" data-element_type=\"widget\" data-e-type=\"widget\" data-widget_type=\"text-editor.default\">\n\t\t\t\t<div class=\"elementor-widget-container\">\n\t\t\t\t\t\t\t\t\t<p><strong>Hvala, Roger, za vse, kar si dal na\u0161emu klubu. Ostal bo\u0161 z nami v spominu in zgodbi TK Sladki Vrh.<\/strong><\/p>\t\t\t\t\t\t\t\t<\/div>\n\t\t\t\t<\/div>\n\t\t\t\t<div class=\"elementor-element elementor-element-887908b elementor-widget elementor-widget-image\" data-id=\"887908b\" data-element_type=\"widget\" data-e-type=\"widget\" data-widget_type=\"image.default\">\n\t\t\t\t<div class=\"elementor-widget-container\">\n\t\t\t\t\t\t\t\t\t\t\t\t\t\t\t<img fetchpriority=\"high\" decoding=\"async\" width=\"768\" height=\"1199\" src=\"https:\/\/www.tksladkivrh.si\/wp-content\/uploads\/2026\/04\/Osmrtnica-768x1199.jpeg\" class=\"attachment-medium_large size-medium_large wp-image-2577\" alt=\"\" srcset=\"https:\/\/www.tksladkivrh.si\/wp-content\/uploads\/2026\/04\/Osmrtnica-768x1199.jpeg 768w, https:\/\/www.tksladkivrh.si\/wp-content\/uploads\/2026\/04\/Osmrtnica-192x300.jpeg 192w, https:\/\/www.tksladkivrh.si\/wp-content\/uploads\/2026\/04\/Osmrtnica-656x1024.jpeg 656w, https:\/\/www.tksladkivrh.si\/wp-content\/uploads\/2026\/04\/Osmrtnica-984x1536.jpeg 984w, https:\/\/www.tksladkivrh.si\/wp-content\/uploads\/2026\/04\/Osmrtnica-850x1327.jpeg 850w, https:\/\/www.tksladkivrh.si\/wp-content\/uploads\/2026\/04\/Osmrtnica.jpeg 1025w\" sizes=\"(max-width: 768px) 100vw, 768px\" \/>\t\t\t\t\t\t\t\t\t\t\t\t\t\t\t<\/div>\n\t\t\t\t<\/div>\n\t\t\t\t\t<\/div>\n\t\t<\/div>\n\t\t\t\t\t<\/div>\n\t\t<\/section>\n\t\t\t\t<\/div>\n\t\t","protected":false},"excerpt":{"rendered":"<p>Z \u017ealostjo sporo\u010damo, da nas je zapustil na\u0161 \u010dastni predsednik Borut Kocbek, dolgoletni \u010dlan in iskren prijatelj Teni\u0161kega kluba Sladki Vrh. Borut Kocbek je bil nepogre\u0161ljiv del na\u0161e skupnosti. S svojo predanostjo, delavnostjo in toplino je pustil globoko sled v razvoju kluba in v srcih vseh, ki smo ga imeli prilo\u017enost spoznati. Njegova vizija, spo\u0161tovanje&hellip;<\/p>\n","protected":false},"author":1,"featured_media":2543,"comment_status":"closed","ping_status":"closed","sticky":false,"template":"","format":"standard","meta":{"footnotes":""},"categories":[1],"tags":[],"class_list":["post-2530","post","type-post","status-publish","format-standard","has-post-thumbnail","hentry","category-tk-sladki-vrh"],"_links":{"self":[{"href":"https:\/\/www.tksladkivrh.si\/index.php?rest_route=\/wp\/v2\/posts\/2530","targetHints":{"allow":["GET"]}}],"collection":[{"href":"https:\/\/www.tksladkivrh.si\/index.php?rest_route=\/wp\/v2\/posts"}],"about":[{"href":"https:\/\/www.tksladkivrh.si\/index.php?rest_route=\/wp\/v2\/types\/post"}],"author":[{"embeddable":true,"href":"https:\/\/www.tksladkivrh.si\/index.php?rest_route=\/wp\/v2\/users\/1"}],"replies":[{"embeddable":true,"href":"https:\/\/www.tksladkivrh.si\/index.php?rest_route=%2Fwp%2Fv2%2Fcomments&post=2530"}],"version-history":[{"count":18,"href":"https:\/\/www.tksladkivrh.si\/index.php?rest_route=\/wp\/v2\/posts\/2530\/revisions"}],"predecessor-version":[{"id":2583,"href":"https:\/\/www.tksladkivrh.si\/index.php?rest_route=\/wp\/v2\/posts\/2530\/revisions\/2583"}],"wp:featuredmedia":[{"embeddable":true,"href":"https:\/\/www.tksladkivrh.si\/index.php?rest_route=\/wp\/v2\/media\/2543"}],"wp:attachment":[{"href":"https:\/\/www.tksladkivrh.si\/index.php?rest_route=%2Fwp%2Fv2%2Fmedia&parent=2530"}],"wp:term":[{"taxonomy":"category","embeddable":true,"href":"https:\/\/www.tksladkivrh.si\/index.php?rest_route=%2Fwp%2Fv2%2Fcategories&post=2530"},{"taxonomy":"post_tag","embeddable":true,"href":"https:\/\/www.tksladkivrh.si\/index.php?rest_route=%2Fwp%2Fv2%2Ftags&post=2530"}],"curies":[{"name":"wp","href":"https:\/\/api.w.org\/{rel}","templated":true}]}}